{"id":1366,"date":"2017-06-07T13:37:00","date_gmt":"2017-06-07T11:37:00","guid":{"rendered":"https:\/\/swissflute.ch\/orchestras\/"},"modified":"2024-06-26T15:50:43","modified_gmt":"2024-06-26T13:50:43","slug":"orchestras","status":"publish","type":"post","link":"https:\/\/swissflute.ch\/it\/orchestras\/","title":{"rendered":"15 JUIN 2024 \u2022 CONCERT DES ORCHESTRES"},"content":{"rendered":"<p>[et_pb_section fb_built=&#8221;1&#8243; admin_label=&#8221;section&#8221; _builder_version=&#8221;4.16&#8243; global_colors_info=&#8221;{}&#8221;][et_pb_row admin_label=&#8221;row&#8221; _builder_version=&#8221;4.16&#8243; background_size=&#8221;initial&#8221; background_position=&#8221;top_left&#8221; background_repeat=&#8221;repeat&#8221; global_colors_info=&#8221;{}&#8221;][et_pb_column type=&#8221;4_4&#8243; _builder_version=&#8221;4.16&#8243; custom_padding=&#8221;|||&#8221; global_colors_info=&#8221;{}&#8221; custom_padding__hover=&#8221;|||&#8221;][et_pb_text admin_label=&#8221;Text&#8221; _builder_version=&#8221;4.25.1&#8243; background_size=&#8221;initial&#8221; background_position=&#8221;top_left&#8221; background_repeat=&#8221;repeat&#8221; hover_enabled=&#8221;0&#8243; global_colors_info=&#8221;{}&#8221; sticky_enabled=&#8221;0&#8243;]<\/p>\n<h2>Samedi 15 juin 2024<\/h2>\n<h1>Collaboration avec l&#8217;association Souffle d&#8217;ici et d&#8217;ailleurs, Gen\u00e8ve<\/h1>\n<h2><\/h2>\n<h3>Concert des orchestres<\/h3>\n<h4>17 heures<\/h4>\n<p>Holy Trinity Church<\/p>\n<div class=\"M2Cv8e hP3ybd\">\n<div class=\"gqkR3b hP3ybd\"><a href=\"https:\/\/www.google.com\/maps\/place\/\/data=!4m2!3m1!1s0x478c6526147ec96d:0x71ba70b2135e1027?sa=X&amp;ved=1t:8290&amp;ictx=111\" style=\"cursor: pointer;\" data-url=\"\/maps\/place\/\/data=!4m2!3m1!1s0x478c6526147ec96d:0x71ba70b2135e1027?sa=X&amp;ved=2ahUKEwiA4PyoyrWGAxVXTKQEHV1fDV8Q4kB6BAg_EAA\" data-sb=\"\/url?sa=t&amp;source=web&amp;rct=j&amp;opi=89978449&amp;url=\/maps\/place\/\/data%3D!4m2!3m1!1s0x478c6526147ec96d:0x71ba70b2135e1027%3Fsa%3DX%26ved%3D1t:8290%26ictx%3D111&amp;ved=2ahUKEwiA4PyoyrWGAxVXTKQEHV1fDV8Q4kB6BAhlEAM&amp;usg=AOvVaw0PxyjJnXDSMDn3sdclU3Sf\" tabindex=\"0\"><span>Rue du Mont-Blanc 14bis, 1201 Gen\u00e8ve, Switzerland<\/span><\/a><\/div>\n<div class=\"gqkR3b hP3ybd\"><span><\/span><\/div>\n<div class=\"gqkR3b hP3ybd\"><span>Entr\u00e9e libre &#8211; collecte<\/span><\/div>\n<div class=\"gqkR3b hP3ybd\"><span><\/span><\/div>\n<h3 class=\"gqkR3b hP3ybd\"><span>Programme<\/span><\/h3>\n<p><span>Piazzolla &#8211; Albeniz &#8211; Granados &#8211; et bien d&#8217;autres&#8230;<\/span><\/p>\n<h2><span>Les orchestres<\/span><\/h2>\n<h2><span>Post Tenebras Fl\u00fbtes<\/span><\/h2>\n<p>L\u2019Ensemble Post Tenebras Flu\u0302tes est un ensemble de flu\u0302tes traversie\u0300res forme\u0301 de 18 musiciens professionnels. Sa cre\u0301ation a e\u0301te\u0301 insuffle\u0301e par Maarika Ja\u0308rvi en 2019. L\u2019ensemble couvre la tessiture d\u2019un orchestre symphonique, du piccolo a\u0300 la flu\u0302te contrebasse, ce qui offre une possibilite\u0301 de re\u0301pertoires tre\u0300s vastes, du classique au populaire, passant par le jazz et le latino.<\/p>\n<p>Apre\u0300s sa premie\u0300re tourne\u0301e internationale dans les pays baltes durant l\u2019e\u0301te\u0301 2022, l\u2019ensemble poursuit son activite\u0301 dans la re\u0301gion genevoise pour une nou- velle saison musicale tre\u0300s riche et varie\u0301e : une collaboration avec les musiciens indiens de Dr L. Subramaniam et Kavita Krishnamurti au Festival India in the Alps a\u0300 Gene\u0300ve et a\u0300 Bern, participation au Festival Novembre Musical des Voirons, un concert de noe\u0308l a\u0300 Grand Saconnex, la Fe\u0302te de la Musique et Musique et Vie entre autres.<\/p>\n<p>Le nom Post Tenebras Flu\u0302tes est un clin d\u2019\u0153il a\u0300 la devise de Gene\u0300ve, Post Tenebras Lux, qui souligne l\u2019identite\u0301 territo- riale de l\u2019ensemble.<\/p>\n<h2>Les Vents Blancs<\/h2>\n<div class=\"gqkR3b hP3ybd\">Form\u00e9 en 2014 lors de la premi\u00e8re \u00e9dition de La C\u00f4te Fl\u00fbte Festival, Les Vents Blancs sont un orchestre de fl\u00fbtes pour les jeunes et adultes amateurs. Sa vocation premi\u00e8re est de permettre \u00e0 des fl\u00fbtistes amateurs d\u2019avoir une activit\u00e9 d\u2019ensemble et une vie de concerts.<br \/>L\u2019orchestre, dirig\u00e9 par Carole Reuge second\u00e9e par quelques professeurs, donne des concerts tout au long de l\u2019ann\u00e9e et participe aux \u00e9ditions de La C\u00f4te Fl\u00fbte Festival en renfort \u00e0 l\u2019Orchestre de Fl\u00fbtes Symphonique des Jeunes (OFSJ), le laboratoire ponctuel pour les jeunes fl\u00fbtistes, \u00e9l\u00e8ves de fl\u00fbte des \u00e9coles de musiques de la r\u00e9gion l\u00e9manique en Suisse.<br \/>Les Vents Blancs ne manquent pas l\u2019occasions de donner des concerts lors d\u2019\u00e9v\u00e9nements autour de la fl\u00fbte traversi\u00e8re en Suisse et \u00e0 l&#8217;\u00e9tranger.<\/div>\n<h2 class=\"gqkR3b hP3ybd\">Les Piccolo<\/h2>\n<p>Form\u00e9 en 2018 sur la C\u00f4te L\u00e9manique et sur la C\u00f4te d\u2019Azur, Les Piccolo sont un orchestre de fl\u00fbtes dansantes form\u00e9s d\u2019enfants d\u00e8s l\u2019\u00e2ge de 6 ans. La pratique musicale de cet orchestre est centr\u00e9 sur le mouvement et la danse, ainsi que le jeu par coeur. D\u00e8s le plus jeune \u00e2ge les enfants comprennent \u00e0 travers le mouvement, la notion de phras\u00e9, de pulsation et de compr\u00e9hension musicale.<br \/>La bande de joyeux fl\u00fbtistes se produit en Suisse et \u00e0 l&#8217;\u00e9tranger lors de concerts et sessions p\u00e9dagogiques dans des conservatoires et \u00e9coles de musique, lors d&#8217;\u00e9v\u00e9nement, ainsi qu\u2019aux \u00e9ditions de La C\u00f4te Fl\u00fbte Festival.<\/p>\n<div class=\"gqkR3b hP3ybd\"><\/div>\n<\/div>\n<p>[\/et_pb_text][\/et_pb_column][\/et_pb_row][\/et_pb_section]<\/p>\n","protected":false},"excerpt":{"rendered":"<p>Samedi 15 juin 2024 Collaboration avec l&#8217;association Souffle d&#8217;ici et d&#8217;ailleurs, Gen\u00e8ve Concert des orchestres 17 heures Holy Trinity Church Rue du Mont-Blanc 14bis, 1201 Gen\u00e8ve, Switzerland Entr\u00e9e libre &#8211; [&hellip;]<\/p>\n","protected":false},"author":1,"featured_media":1217,"comment_status":"closed","ping_status":"closed","sticky":false,"template":"","format":"standard","meta":{"_et_pb_use_builder":"on","_et_pb_old_content":"<span class=\"lang-la\" lang=\"la\" xml:lang=\"la\">Lorem ipsum dolor sit amet, consectetur adipiscing elit. Sed non risus. Suspendisse lectus tortor, dignissim sit amet, adipiscing nec, ultricies sed, dolor. Cras elementum ultrices diam. Maecenas ligula massa, varius a, semper congue, euismod non, mi. Proin porttitor, orci nec nonummy molestie, enim est eleifend mi, non fermentum diam nisl sit amet erat. Duis semper. Duis arcu massa, scelerisque vitae, consequat in, pretium a, enim. Pellentesque congue. Ut in risus volutpat libero pharetra tempor. Cras vestibulum bibendum augue. Praesent egestas leo in pede. Praesent blandit odio eu enim. Pellentesque sed dui ut augue blandit sodales. Vestibulum ante ipsum primis in faucibus orci luctus et ultrices posuere cubilia Curae; Aliquam nibh. Mauris ac mauris sed pede pellentesque fermentum. Maecenas adipiscing ante non diam sodales hendrerit.<\/span>\n\n<span class=\"lang-la\" lang=\"la\" xml:lang=\"la\">Ut velit mauris, egestas sed, gravida nec, ornare ut, mi. Aenean ut orci vel massa suscipit pulvinar. Nulla sollicitudin. Fusce varius, ligula non tempus aliquam, nunc turpis ullamcorper nibh, in tempus sapien eros vitae ligula. Pellentesque rhoncus nunc et augue. Integer id felis. Curabitur aliquet pellentesque diam. Integer quis metus vitae elit lobortis egestas. Lorem ipsum dolor sit amet, consectetuer adipiscing elit. Morbi vel erat non mauris convallis vehicula. Nulla et sapien. Integer tortor tellus, aliquam faucibus, convallis id, congue eu, quam. Mauris ullamcorper felis vitae erat. Proin feugiat, augue non elementum posuere, metus purus iaculis lectus, et tristique ligula justo vitae magna.<\/span>\n\n<span class=\"lang-la\" lang=\"la\" xml:lang=\"la\">Aliquam convallis sollicitudin purus. Praesent aliquam, enim at fermentum mollis, ligula massa adipiscing nisl, ac euismod nibh nisl eu lectus. Fusce vulputate sem at sapien. Vivamus leo. Aliquam euismod libero eu enim. Nulla nec felis sed leo placerat imperdiet. Aenean suscipit nulla in justo. Suspendisse cursus rutrum augue. Nulla tincidunt tincidunt mi. Curabitur iaculis, lorem vel rhoncus faucibus, felis magna fermentum augue, et ultricies lacus lorem varius purus. Curabitur eu amet.<\/span>","_et_gb_content_width":"","_price":"","_stock":"","_tribe_ticket_header":"","_tribe_default_ticket_provider":"","_tribe_ticket_capacity":"0","_ticket_start_date":"","_ticket_end_date":"","_tribe_ticket_show_description":"","_tribe_ticket_show_not_going":false,"_tribe_ticket_use_global_stock":"","_tribe_ticket_global_stock_level":"","_global_stock_mode":"","_global_stock_cap":"","_tribe_rsvp_for_event":"","_tribe_ticket_going_count":"","_tribe_ticket_not_going_count":"","_tribe_tickets_list":"[]","_tribe_ticket_has_attendee_info_fields":false,"footnotes":""},"categories":[28],"tags":[],"class_list":["post-1366","post","type-post","status-publish","format-standard","has-post-thumbnail","hentry","category-non-categorizzato"],"_links":{"self":[{"href":"https:\/\/swissflute.ch\/it\/wp-json\/wp\/v2\/posts\/1366","targetHints":{"allow":["GET"]}}],"collection":[{"href":"https:\/\/swissflute.ch\/it\/wp-json\/wp\/v2\/posts"}],"about":[{"href":"https:\/\/swissflute.ch\/it\/wp-json\/wp\/v2\/types\/post"}],"author":[{"embeddable":true,"href":"https:\/\/swissflute.ch\/it\/wp-json\/wp\/v2\/users\/1"}],"replies":[{"embeddable":true,"href":"https:\/\/swissflute.ch\/it\/wp-json\/wp\/v2\/comments?post=1366"}],"version-history":[{"count":2,"href":"https:\/\/swissflute.ch\/it\/wp-json\/wp\/v2\/posts\/1366\/revisions"}],"predecessor-version":[{"id":1408,"href":"https:\/\/swissflute.ch\/it\/wp-json\/wp\/v2\/posts\/1366\/revisions\/1408"}],"wp:featuredmedia":[{"embeddable":true,"href":"https:\/\/swissflute.ch\/it\/wp-json\/wp\/v2\/media\/1217"}],"wp:attachment":[{"href":"https:\/\/swissflute.ch\/it\/wp-json\/wp\/v2\/media?parent=1366"}],"wp:term":[{"taxonomy":"category","embeddable":true,"href":"https:\/\/swissflute.ch\/it\/wp-json\/wp\/v2\/categories?post=1366"},{"taxonomy":"post_tag","embeddable":true,"href":"https:\/\/swissflute.ch\/it\/wp-json\/wp\/v2\/tags?post=1366"}],"curies":[{"name":"wp","href":"https:\/\/api.w.org\/{rel}","templated":true}]}}